{"id":2232,"date":"2025-05-13T14:22:16","date_gmt":"2025-05-13T12:22:16","guid":{"rendered":"https:\/\/dansaeducocreativa.com\/?p=2232"},"modified":"2025-12-04T11:49:35","modified_gmt":"2025-12-04T10:49:35","slug":"ballem-2","status":"publish","type":"post","link":"https:\/\/dansaeducocreativa.com\/cas\/ballem-2\/","title":{"rendered":"Ballem!"},"content":{"rendered":"<p>De 2016 a 2019, IDES coordin\u00f3 junto al Gran Teatre de X\u00e0tiva cuatro creaciones coreogr\u00e1ficas de danza comunitaria intergeneracional con m\u00fasica en directo. Contaba con un elenco de m\u00e1s de 170 estudiantes, amateurs y profesionales en colaboraci\u00f3n con diferentes centros educativos de danza, m\u00fasica, dise\u00f1o y artes esc\u00e9nicas para celebrar el D\u00eda Internacional de la danza. El origen de este proyecto est\u00e1 en 2008 dentro del programa art\u00edstico-educativo de Alicia Herrero Dance Company. La recaudaci\u00f3n de la taquilla iba destinada a un proyecto social con un colectivo local.<\/p>","protected":false},"excerpt":{"rendered":"<p>De 2016 a 2019, IDES va coordinar junt al Gran Teatre de X\u00e0tiva quatre creacions coreogr\u00e0fiques de dansa comunit\u00e0ria intergeneracional amb m\u00fasica en directe. Comptava amb un elenc de m\u00e9s de 170 estudiants, amateurs i professionals en col\u00b7laboraci\u00f3 amb diferents centres educatius de dansa, m\u00fasica, disseny i arts esc\u00e8niques per a celebrar el Dia Internacional [&hellip;]<\/p>\n","protected":false},"author":1,"featured_media":2662,"comment_status":"closed","ping_status":"closed","sticky":false,"template":"","format":"standard","meta":{"footnotes":""},"categories":[26],"tags":[],"class_list":["post-2232","post","type-post","status-publish","format-standard","has-post-thumbnail","hentry","category-historics"],"_links":{"self":[{"href":"https:\/\/dansaeducocreativa.com\/cas\/wp-json\/wp\/v2\/posts\/2232","targetHints":{"allow":["GET"]}}],"collection":[{"href":"https:\/\/dansaeducocreativa.com\/cas\/wp-json\/wp\/v2\/posts"}],"about":[{"href":"https:\/\/dansaeducocreativa.com\/cas\/wp-json\/wp\/v2\/types\/post"}],"author":[{"embeddable":true,"href":"https:\/\/dansaeducocreativa.com\/cas\/wp-json\/wp\/v2\/users\/1"}],"replies":[{"embeddable":true,"href":"https:\/\/dansaeducocreativa.com\/cas\/wp-json\/wp\/v2\/comments?post=2232"}],"version-history":[{"count":4,"href":"https:\/\/dansaeducocreativa.com\/cas\/wp-json\/wp\/v2\/posts\/2232\/revisions"}],"predecessor-version":[{"id":2780,"href":"https:\/\/dansaeducocreativa.com\/cas\/wp-json\/wp\/v2\/posts\/2232\/revisions\/2780"}],"wp:featuredmedia":[{"embeddable":true,"href":"https:\/\/dansaeducocreativa.com\/cas\/wp-json\/wp\/v2\/media\/2662"}],"wp:attachment":[{"href":"https:\/\/dansaeducocreativa.com\/cas\/wp-json\/wp\/v2\/media?parent=2232"}],"wp:term":[{"taxonomy":"category","embeddable":true,"href":"https:\/\/dansaeducocreativa.com\/cas\/wp-json\/wp\/v2\/categories?post=2232"},{"taxonomy":"post_tag","embeddable":true,"href":"https:\/\/dansaeducocreativa.com\/cas\/wp-json\/wp\/v2\/tags?post=2232"}],"curies":[{"name":"wp","href":"https:\/\/api.w.org\/{rel}","templated":true}]}}