{"id":2239,"date":"2025-05-13T14:24:02","date_gmt":"2025-05-13T12:24:02","guid":{"rendered":"https:\/\/dansaeducocreativa.com\/?p=2239"},"modified":"2025-05-13T23:03:42","modified_gmt":"2025-05-13T21:03:42","slug":"dansa-compartida-amb-calidoscopi-teatre","status":"publish","type":"post","link":"https:\/\/dansaeducocreativa.com\/cas\/dansa-compartida-amb-calidoscopi-teatre\/","title":{"rendered":"Danza compartida con Calidoscopi Teatre"},"content":{"rendered":"<p>En 2017, IDES coordina un proyecto de creaci\u00f3n esc\u00e9nica participativa con Calidoscopi Teatre e Innovatori de moviment, con la colaboraci\u00f3n de Aspromivise Centro ocupacional La Costera, Gran Teatre X\u00e0tiva y Bienestar Social X\u00e0tiva.<\/p>","protected":false},"excerpt":{"rendered":"<p>En 2017, IDES coordina un proyecto de creaci\u00f3n esc\u00e9nica participativa con Calidoscopi Teatre e Innovatori de moviment, con la colaboraci\u00f3n de Aspromivise Centro ocupacional La Costera, Gran Teatre X\u00e0tiva y Bienestar Social X\u00e0tiva.<\/p>","protected":false},"author":1,"featured_media":2081,"comment_status":"closed","ping_status":"open","sticky":false,"template":"","format":"standard","meta":{"footnotes":""},"categories":[26],"tags":[],"class_list":["post-2239","post","type-post","status-publish","format-standard","has-post-thumbnail","hentry","category-historics"],"_links":{"self":[{"href":"https:\/\/dansaeducocreativa.com\/cas\/wp-json\/wp\/v2\/posts\/2239","targetHints":{"allow":["GET"]}}],"collection":[{"href":"https:\/\/dansaeducocreativa.com\/cas\/wp-json\/wp\/v2\/posts"}],"about":[{"href":"https:\/\/dansaeducocreativa.com\/cas\/wp-json\/wp\/v2\/types\/post"}],"author":[{"embeddable":true,"href":"https:\/\/dansaeducocreativa.com\/cas\/wp-json\/wp\/v2\/users\/1"}],"replies":[{"embeddable":true,"href":"https:\/\/dansaeducocreativa.com\/cas\/wp-json\/wp\/v2\/comments?post=2239"}],"version-history":[{"count":1,"href":"https:\/\/dansaeducocreativa.com\/cas\/wp-json\/wp\/v2\/posts\/2239\/revisions"}],"predecessor-version":[{"id":2240,"href":"https:\/\/dansaeducocreativa.com\/cas\/wp-json\/wp\/v2\/posts\/2239\/revisions\/2240"}],"wp:featuredmedia":[{"embeddable":true,"href":"https:\/\/dansaeducocreativa.com\/cas\/wp-json\/wp\/v2\/media\/2081"}],"wp:attachment":[{"href":"https:\/\/dansaeducocreativa.com\/cas\/wp-json\/wp\/v2\/media?parent=2239"}],"wp:term":[{"taxonomy":"category","embeddable":true,"href":"https:\/\/dansaeducocreativa.com\/cas\/wp-json\/wp\/v2\/categories?post=2239"},{"taxonomy":"post_tag","embeddable":true,"href":"https:\/\/dansaeducocreativa.com\/cas\/wp-json\/wp\/v2\/tags?post=2239"}],"curies":[{"name":"wp","href":"https:\/\/api.w.org\/{rel}","templated":true}]}}