{"id":2243,"date":"2025-05-13T14:25:38","date_gmt":"2025-05-13T12:25:38","guid":{"rendered":"https:\/\/dansaeducocreativa.com\/?p=2243"},"modified":"2025-06-03T11:55:58","modified_gmt":"2025-06-03T09:55:58","slug":"actuacions-solidaries","status":"publish","type":"post","link":"https:\/\/dansaeducocreativa.com\/cas\/actuacions-solidaries\/","title":{"rendered":"Actuaciones solidarias"},"content":{"rendered":"<p>Desde 2015, IDES con la participaci\u00f3n de la joven compa\u00f1\u00eda Innovatori de Moviment ha colaborado con entidades como UNICEF, Proyecto Hombre, Bombers sense fronteres, Associaci\u00f3 Alanna, Fundaci\u00f3 Activa espina b\u00edfida CV, Associaci\u00f3 contra el c\u00e0ncer, Gent de la Consolaci\u00f3, Associaci\u00f3 de Fam\u00edlies d\u2019Alzeimer de Val\u00e8ncia AFAV, etc. en eventos y espect\u00e1culos con taquilla solidaria.<\/p>","protected":false},"excerpt":{"rendered":"<p>Desde 2015, IDES con la participaci\u00f3n de la joven compa\u00f1\u00eda Innovatori de Moviment ha colaborado con entidades como UNICEF, Proyecto Hombre, Bombers sense fronteres, Associaci\u00f3 Alanna, Fundaci\u00f3 Activa espina b\u00edfida CV, Associaci\u00f3 contra el c\u00e0ncer, Gent de la Consolaci\u00f3, Associaci\u00f3 de Fam\u00edlies d\u2019Alzeimer de Val\u00e8ncia AFAV, etc. en eventos y espect\u00e1culos con taquilla solidaria.<\/p>","protected":false},"author":1,"featured_media":2722,"comment_status":"closed","ping_status":"open","sticky":false,"template":"","format":"standard","meta":{"footnotes":""},"categories":[26],"tags":[],"class_list":["post-2243","post","type-post","status-publish","format-standard","has-post-thumbnail","hentry","category-historics"],"_links":{"self":[{"href":"https:\/\/dansaeducocreativa.com\/cas\/wp-json\/wp\/v2\/posts\/2243","targetHints":{"allow":["GET"]}}],"collection":[{"href":"https:\/\/dansaeducocreativa.com\/cas\/wp-json\/wp\/v2\/posts"}],"about":[{"href":"https:\/\/dansaeducocreativa.com\/cas\/wp-json\/wp\/v2\/types\/post"}],"author":[{"embeddable":true,"href":"https:\/\/dansaeducocreativa.com\/cas\/wp-json\/wp\/v2\/users\/1"}],"replies":[{"embeddable":true,"href":"https:\/\/dansaeducocreativa.com\/cas\/wp-json\/wp\/v2\/comments?post=2243"}],"version-history":[{"count":1,"href":"https:\/\/dansaeducocreativa.com\/cas\/wp-json\/wp\/v2\/posts\/2243\/revisions"}],"predecessor-version":[{"id":2244,"href":"https:\/\/dansaeducocreativa.com\/cas\/wp-json\/wp\/v2\/posts\/2243\/revisions\/2244"}],"wp:featuredmedia":[{"embeddable":true,"href":"https:\/\/dansaeducocreativa.com\/cas\/wp-json\/wp\/v2\/media\/2722"}],"wp:attachment":[{"href":"https:\/\/dansaeducocreativa.com\/cas\/wp-json\/wp\/v2\/media?parent=2243"}],"wp:term":[{"taxonomy":"category","embeddable":true,"href":"https:\/\/dansaeducocreativa.com\/cas\/wp-json\/wp\/v2\/categories?post=2243"},{"taxonomy":"post_tag","embeddable":true,"href":"https:\/\/dansaeducocreativa.com\/cas\/wp-json\/wp\/v2\/tags?post=2243"}],"curies":[{"name":"wp","href":"https:\/\/api.w.org\/{rel}","templated":true}]}}