{"id":2232,"date":"2025-05-13T14:22:16","date_gmt":"2025-05-13T12:22:16","guid":{"rendered":"https:\/\/dansaeducocreativa.com\/?p=2232"},"modified":"2025-12-04T11:49:35","modified_gmt":"2025-12-04T10:49:35","slug":"ballem-2","status":"publish","type":"post","link":"https:\/\/dansaeducocreativa.com\/eng\/ballem-2\/","title":{"rendered":"ballem!"},"content":{"rendered":"<p>From 2016 to 2019, IDES coordinated four intergenerational community dance productions with live music for Gran Teatre de X\u00e0tiva. It had a cast of more than 170 students, amateurs and professionals in collaboration with different educational centers of dance, music, design and performing arts to celebrate International Dance Day. The origin of this project is in 2008 within the artistic-educational program of Alicia Herrero Companyia de Dansa. The proceeds from the box office were destined for a social project with a local collective.<\/p>","protected":false},"excerpt":{"rendered":"<p>De 2016 a 2019, IDES va coordinar junt al Gran Teatre de X\u00e0tiva quatre creacions coreogr\u00e0fiques de dansa comunit\u00e0ria intergeneracional amb m\u00fasica en directe. Comptava amb un elenc de m\u00e9s de 170 estudiants, amateurs i professionals en col\u00b7laboraci\u00f3 amb diferents centres educatius de dansa, m\u00fasica, disseny i arts esc\u00e8niques per a celebrar el Dia Internacional [&hellip;]<\/p>\n","protected":false},"author":1,"featured_media":2662,"comment_status":"closed","ping_status":"closed","sticky":false,"template":"","format":"standard","meta":{"footnotes":""},"categories":[26],"tags":[],"class_list":["post-2232","post","type-post","status-publish","format-standard","has-post-thumbnail","hentry","category-historics"],"_links":{"self":[{"href":"https:\/\/dansaeducocreativa.com\/eng\/wp-json\/wp\/v2\/posts\/2232","targetHints":{"allow":["GET"]}}],"collection":[{"href":"https:\/\/dansaeducocreativa.com\/eng\/wp-json\/wp\/v2\/posts"}],"about":[{"href":"https:\/\/dansaeducocreativa.com\/eng\/wp-json\/wp\/v2\/types\/post"}],"author":[{"embeddable":true,"href":"https:\/\/dansaeducocreativa.com\/eng\/wp-json\/wp\/v2\/users\/1"}],"replies":[{"embeddable":true,"href":"https:\/\/dansaeducocreativa.com\/eng\/wp-json\/wp\/v2\/comments?post=2232"}],"version-history":[{"count":4,"href":"https:\/\/dansaeducocreativa.com\/eng\/wp-json\/wp\/v2\/posts\/2232\/revisions"}],"predecessor-version":[{"id":2780,"href":"https:\/\/dansaeducocreativa.com\/eng\/wp-json\/wp\/v2\/posts\/2232\/revisions\/2780"}],"wp:featuredmedia":[{"embeddable":true,"href":"https:\/\/dansaeducocreativa.com\/eng\/wp-json\/wp\/v2\/media\/2662"}],"wp:attachment":[{"href":"https:\/\/dansaeducocreativa.com\/eng\/wp-json\/wp\/v2\/media?parent=2232"}],"wp:term":[{"taxonomy":"category","embeddable":true,"href":"https:\/\/dansaeducocreativa.com\/eng\/wp-json\/wp\/v2\/categories?post=2232"},{"taxonomy":"post_tag","embeddable":true,"href":"https:\/\/dansaeducocreativa.com\/eng\/wp-json\/wp\/v2\/tags?post=2232"}],"curies":[{"name":"wp","href":"https:\/\/api.w.org\/{rel}","templated":true}]}}