{"id":2221,"date":"2025-05-13T13:57:08","date_gmt":"2025-05-13T11:57:08","guid":{"rendered":"https:\/\/dansaeducocreativa.com\/?p=2221"},"modified":"2025-06-03T12:08:27","modified_gmt":"2025-06-03T10:08:27","slug":"dansa-compartida-amb-acofem","status":"publish","type":"post","link":"https:\/\/dansaeducocreativa.com\/val\/dansa-compartida-amb-acofem\/","title":{"rendered":"Dansa compartida amb Acofem"},"content":{"rendered":"\n<p>Des del 2017, IDES coordina un projecte d\u2019intervenci\u00f3 amb persones usu\u00e0ries de l&#8217;Associaci\u00f3, Centre de dia, CRIS i CEEM gestionats per ACOFEM-13 (Associaci\u00f3 de familiars de malalts mentals de La Costera).<\/p>\n","protected":false},"excerpt":{"rendered":"<p>Des del 2017, IDES coordina un projecte d\u2019intervenci\u00f3 amb persones usu\u00e0ries de l&#8217;Associaci\u00f3, Centre de dia, CRIS i CEEM gestionats per ACOFEM-13 (Associaci\u00f3 de familiars de malalts mentals de La Costera).<\/p>\n","protected":false},"author":1,"featured_media":2726,"comment_status":"closed","ping_status":"open","sticky":false,"template":"","format":"standard","meta":{"footnotes":""},"categories":[25],"tags":[],"class_list":["post-2221","post","type-post","status-publish","format-standard","has-post-thumbnail","hentry","category-actuals"],"_links":{"self":[{"href":"https:\/\/dansaeducocreativa.com\/val\/wp-json\/wp\/v2\/posts\/2221","targetHints":{"allow":["GET"]}}],"collection":[{"href":"https:\/\/dansaeducocreativa.com\/val\/wp-json\/wp\/v2\/posts"}],"about":[{"href":"https:\/\/dansaeducocreativa.com\/val\/wp-json\/wp\/v2\/types\/post"}],"author":[{"embeddable":true,"href":"https:\/\/dansaeducocreativa.com\/val\/wp-json\/wp\/v2\/users\/1"}],"replies":[{"embeddable":true,"href":"https:\/\/dansaeducocreativa.com\/val\/wp-json\/wp\/v2\/comments?post=2221"}],"version-history":[{"count":1,"href":"https:\/\/dansaeducocreativa.com\/val\/wp-json\/wp\/v2\/posts\/2221\/revisions"}],"predecessor-version":[{"id":2222,"href":"https:\/\/dansaeducocreativa.com\/val\/wp-json\/wp\/v2\/posts\/2221\/revisions\/2222"}],"wp:featuredmedia":[{"embeddable":true,"href":"https:\/\/dansaeducocreativa.com\/val\/wp-json\/wp\/v2\/media\/2726"}],"wp:attachment":[{"href":"https:\/\/dansaeducocreativa.com\/val\/wp-json\/wp\/v2\/media?parent=2221"}],"wp:term":[{"taxonomy":"category","embeddable":true,"href":"https:\/\/dansaeducocreativa.com\/val\/wp-json\/wp\/v2\/categories?post=2221"},{"taxonomy":"post_tag","embeddable":true,"href":"https:\/\/dansaeducocreativa.com\/val\/wp-json\/wp\/v2\/tags?post=2221"}],"curies":[{"name":"wp","href":"https:\/\/api.w.org\/{rel}","templated":true}]}}