{"id":2223,"date":"2025-05-13T14:06:24","date_gmt":"2025-05-13T12:06:24","guid":{"rendered":"https:\/\/dansaeducocreativa.com\/?p=2223"},"modified":"2025-05-14T10:58:25","modified_gmt":"2025-05-14T08:58:25","slug":"babies-only","status":"publish","type":"post","link":"https:\/\/dansaeducocreativa.com\/val\/babies-only\/","title":{"rendered":"Babies only"},"content":{"rendered":"\n<p>Des de 2018, gaudim anualment del cant, la m\u00fasica i el moviment corporal amb el projecte educatiu Babies Only, una producci\u00f3 de Les Arts Val\u00e8ncia coordinat per l\u2019\u00c0rea d\u2019Educaci\u00f3 i creat per IDES.<\/p>\n\n\n\n<h4 class=\"wp-block-heading\">Han parlat de nosaltres&#8230;<\/h4>\n\n\n\n<p><a href=\"https:\/\/www.levante-emv.com\/cultura\/panorama\/2018\/12\/10\/les-arts-ofereix-seua-primera\/1806741.html\" target=\"_blank\" rel=\"noopener\" title=\"\">levante<\/a>&nbsp;\/\/&nbsp;<a data-link-type=\"external\" data-link-value=\"https:\/\/www.lasprovincias.es\/culturas\/arts-organiza-primera-20181210232615-ntvo.html\" href=\"https:\/\/www.lasprovincias.es\/culturas\/arts-organiza-primera-20181210232615-ntvo.html\" target=\"_blank\">las provincias&nbsp;<\/a>\/\/ <a href=\"https:\/\/cadenaser.com\/emisora\/2018\/12\/09\/radio_valencia\/1544347887_850131.html\" target=\"_blank\" rel=\"noopener\" title=\"\">cadena ser<\/a>&nbsp;\/\/ <a href=\"http:\/\/www.rtve.es\/alacarta\/videos\/linformatiu-comunitat-valenciana\/\" target=\"_blank\" rel=\"noopener\" title=\"\">rtve<\/a><\/p>\n\n\n\n<p><\/p>\n","protected":false},"excerpt":{"rendered":"<p>Des de 2018, gaudim anualment del cant, la m\u00fasica i el moviment corporal amb el projecte educatiu Babies Only, una producci\u00f3 de Les Arts Val\u00e8ncia coordinat per l\u2019\u00c0rea d\u2019Educaci\u00f3 i creat per IDES. Han parlat de nosaltres&#8230; levante&nbsp;\/\/&nbsp;las provincias&nbsp;\/\/ cadena ser&nbsp;\/\/ rtve<\/p>\n","protected":false},"author":1,"featured_media":2251,"comment_status":"closed","ping_status":"open","sticky":false,"template":"","format":"standard","meta":{"footnotes":""},"categories":[25],"tags":[],"class_list":["post-2223","post","type-post","status-publish","format-standard","has-post-thumbnail","hentry","category-actuals"],"_links":{"self":[{"href":"https:\/\/dansaeducocreativa.com\/val\/wp-json\/wp\/v2\/posts\/2223","targetHints":{"allow":["GET"]}}],"collection":[{"href":"https:\/\/dansaeducocreativa.com\/val\/wp-json\/wp\/v2\/posts"}],"about":[{"href":"https:\/\/dansaeducocreativa.com\/val\/wp-json\/wp\/v2\/types\/post"}],"author":[{"embeddable":true,"href":"https:\/\/dansaeducocreativa.com\/val\/wp-json\/wp\/v2\/users\/1"}],"replies":[{"embeddable":true,"href":"https:\/\/dansaeducocreativa.com\/val\/wp-json\/wp\/v2\/comments?post=2223"}],"version-history":[{"count":3,"href":"https:\/\/dansaeducocreativa.com\/val\/wp-json\/wp\/v2\/posts\/2223\/revisions"}],"predecessor-version":[{"id":2275,"href":"https:\/\/dansaeducocreativa.com\/val\/wp-json\/wp\/v2\/posts\/2223\/revisions\/2275"}],"wp:featuredmedia":[{"embeddable":true,"href":"https:\/\/dansaeducocreativa.com\/val\/wp-json\/wp\/v2\/media\/2251"}],"wp:attachment":[{"href":"https:\/\/dansaeducocreativa.com\/val\/wp-json\/wp\/v2\/media?parent=2223"}],"wp:term":[{"taxonomy":"category","embeddable":true,"href":"https:\/\/dansaeducocreativa.com\/val\/wp-json\/wp\/v2\/categories?post=2223"},{"taxonomy":"post_tag","embeddable":true,"href":"https:\/\/dansaeducocreativa.com\/val\/wp-json\/wp\/v2\/tags?post=2223"}],"curies":[{"name":"wp","href":"https:\/\/api.w.org\/{rel}","templated":true}]}}