{"id":2227,"date":"2025-05-13T14:17:03","date_gmt":"2025-05-13T12:17:03","guid":{"rendered":"https:\/\/dansaeducocreativa.com\/?p=2227"},"modified":"2025-05-19T17:08:00","modified_gmt":"2025-05-19T15:08:00","slug":"tchaikovsky","status":"publish","type":"post","link":"https:\/\/dansaeducocreativa.com\/val\/tchaikovsky\/","title":{"rendered":"Tchaikovsky"},"content":{"rendered":"\n<p>En 2021, la Diputaci\u00f3 de Val\u00e8ncia va encarregar a IDES la coordinaci\u00f3 coreogr\u00e0fica per al material did\u00e0ctic \u2018Descobrint: Tchaikovsky i el m\u00f3n de la dansa\u2019\u00a0 amb la col.laboraci\u00f3 de la jove companyia Innovatori de Moviment i l\u2019alumnat del Conservatori Superior de Dansa de Val\u00e8ncia Nacho Duato.<\/p>\n","protected":false},"excerpt":{"rendered":"<p>En 2021, la Diputaci\u00f3 de Val\u00e8ncia va encarregar a IDES la coordinaci\u00f3 coreogr\u00e0fica per al material did\u00e0ctic \u2018Descobrint: Tchaikovsky i el m\u00f3n de la dansa\u2019\u00a0 amb la col.laboraci\u00f3 de la jove companyia Innovatori de Moviment i l\u2019alumnat del Conservatori Superior de Dansa de Val\u00e8ncia Nacho Duato.<\/p>\n","protected":false},"author":1,"featured_media":2246,"comment_status":"closed","ping_status":"open","sticky":false,"template":"","format":"standard","meta":{"footnotes":""},"categories":[26],"tags":[],"class_list":["post-2227","post","type-post","status-publish","format-standard","has-post-thumbnail","hentry","category-historics"],"_links":{"self":[{"href":"https:\/\/dansaeducocreativa.com\/val\/wp-json\/wp\/v2\/posts\/2227","targetHints":{"allow":["GET"]}}],"collection":[{"href":"https:\/\/dansaeducocreativa.com\/val\/wp-json\/wp\/v2\/posts"}],"about":[{"href":"https:\/\/dansaeducocreativa.com\/val\/wp-json\/wp\/v2\/types\/post"}],"author":[{"embeddable":true,"href":"https:\/\/dansaeducocreativa.com\/val\/wp-json\/wp\/v2\/users\/1"}],"replies":[{"embeddable":true,"href":"https:\/\/dansaeducocreativa.com\/val\/wp-json\/wp\/v2\/comments?post=2227"}],"version-history":[{"count":1,"href":"https:\/\/dansaeducocreativa.com\/val\/wp-json\/wp\/v2\/posts\/2227\/revisions"}],"predecessor-version":[{"id":2228,"href":"https:\/\/dansaeducocreativa.com\/val\/wp-json\/wp\/v2\/posts\/2227\/revisions\/2228"}],"wp:featuredmedia":[{"embeddable":true,"href":"https:\/\/dansaeducocreativa.com\/val\/wp-json\/wp\/v2\/media\/2246"}],"wp:attachment":[{"href":"https:\/\/dansaeducocreativa.com\/val\/wp-json\/wp\/v2\/media?parent=2227"}],"wp:term":[{"taxonomy":"category","embeddable":true,"href":"https:\/\/dansaeducocreativa.com\/val\/wp-json\/wp\/v2\/categories?post=2227"},{"taxonomy":"post_tag","embeddable":true,"href":"https:\/\/dansaeducocreativa.com\/val\/wp-json\/wp\/v2\/tags?post=2227"}],"curies":[{"name":"wp","href":"https:\/\/api.w.org\/{rel}","templated":true}]}}