{"id":2229,"date":"2025-05-13T14:19:41","date_gmt":"2025-05-13T12:19:41","guid":{"rendered":"https:\/\/dansaeducocreativa.com\/?p=2229"},"modified":"2025-05-14T12:25:19","modified_gmt":"2025-05-14T10:25:19","slug":"dansa-compartida-amb-xateba","status":"publish","type":"post","link":"https:\/\/dansaeducocreativa.com\/val\/dansa-compartida-amb-xateba\/","title":{"rendered":"Dansa compartida amb Xateba"},"content":{"rendered":"\n<p>En 2020, IDES va col.laborar amb l\u2019Associaci\u00f3 Xateba per la Igualtat i el Gran Teatre de X\u00e0tiva per a fomentar l&#8217;educaci\u00f3 en valors com a prevenci\u00f3 de la viol\u00e8ncia contra les dones a trav\u00e9s d\u2019un videodansa i una did\u00e0ctica. Van participar els centres escolars i associacions de X\u00e0tiva.<\/p>\n\n\n\n<p><\/p>\n","protected":false},"excerpt":{"rendered":"<p>En 2020, IDES va col.laborar amb l\u2019Associaci\u00f3 Xateba per la Igualtat i el Gran Teatre de X\u00e0tiva per a fomentar l&#8217;educaci\u00f3 en valors com a prevenci\u00f3 de la viol\u00e8ncia contra les dones a trav\u00e9s d\u2019un videodansa i una did\u00e0ctica. Van participar els centres escolars i associacions de X\u00e0tiva.<\/p>\n","protected":false},"author":1,"featured_media":2249,"comment_status":"closed","ping_status":"open","sticky":false,"template":"","format":"standard","meta":{"footnotes":""},"categories":[26],"tags":[],"class_list":["post-2229","post","type-post","status-publish","format-standard","has-post-thumbnail","hentry","category-historics"],"_links":{"self":[{"href":"https:\/\/dansaeducocreativa.com\/val\/wp-json\/wp\/v2\/posts\/2229","targetHints":{"allow":["GET"]}}],"collection":[{"href":"https:\/\/dansaeducocreativa.com\/val\/wp-json\/wp\/v2\/posts"}],"about":[{"href":"https:\/\/dansaeducocreativa.com\/val\/wp-json\/wp\/v2\/types\/post"}],"author":[{"embeddable":true,"href":"https:\/\/dansaeducocreativa.com\/val\/wp-json\/wp\/v2\/users\/1"}],"replies":[{"embeddable":true,"href":"https:\/\/dansaeducocreativa.com\/val\/wp-json\/wp\/v2\/comments?post=2229"}],"version-history":[{"count":2,"href":"https:\/\/dansaeducocreativa.com\/val\/wp-json\/wp\/v2\/posts\/2229\/revisions"}],"predecessor-version":[{"id":2231,"href":"https:\/\/dansaeducocreativa.com\/val\/wp-json\/wp\/v2\/posts\/2229\/revisions\/2231"}],"wp:featuredmedia":[{"embeddable":true,"href":"https:\/\/dansaeducocreativa.com\/val\/wp-json\/wp\/v2\/media\/2249"}],"wp:attachment":[{"href":"https:\/\/dansaeducocreativa.com\/val\/wp-json\/wp\/v2\/media?parent=2229"}],"wp:term":[{"taxonomy":"category","embeddable":true,"href":"https:\/\/dansaeducocreativa.com\/val\/wp-json\/wp\/v2\/categories?post=2229"},{"taxonomy":"post_tag","embeddable":true,"href":"https:\/\/dansaeducocreativa.com\/val\/wp-json\/wp\/v2\/tags?post=2229"}],"curies":[{"name":"wp","href":"https:\/\/api.w.org\/{rel}","templated":true}]}}